{"id":1040,"date":"2023-06-02T09:33:54","date_gmt":"2023-06-02T08:33:54","guid":{"rendered":"http:\/\/amcpp.com\/?p=1040"},"modified":"2023-06-02T09:33:54","modified_gmt":"2023-06-02T08:33:54","slug":"camiseta-chelsea-2-3","status":"publish","type":"post","link":"https:\/\/amcpp.com\/index.php\/2023\/06\/02\/camiseta-chelsea-2-3\/","title":{"rendered":"camiseta chelsea 2"},"content":{"rendered":"<p><span style=\"display:block;text-align:center;clear:both\"><a href=\"https:\/\/www.camisetasdefutbolshop.com\/chelsea-fc-es-075\"><img decoding=\"async\" style=\"max-width: 360px;\" loading=\"lazy\" alt=\"camiseta chelsea amarilla 2014\" src=\"https:\/\/www.camisetasdefutbolshop.com\/image\/20220425SX\/camiseta-de-entrenamiento-chelsea-2022-2023-negro-amarillo-003.jpg\"><\/a><\/span> La posible marcha de dos de sus principales estrellas caus\u00f3 una enorme inestabilidad. Si bien parec\u00eda todo m\u00e1s tranquilo, la prensa empez\u00f3 a hacerse eco de una posible marcha de Javi Mart\u00ednez al Bayern de M\u00fanich. El Athletic cay\u00f3 derrotado en San Mam\u00e9s ante el Betis tras empezar perdiendo 0-3, remontar hasta ponerse 3-3 y acabar siendo derrotado por 3-5. Pocos d\u00edas despu\u00e9s, <a href=\"https:\/\/www.camisetasdefutbolshop.com\/chelsea-fc-es-075\">camiseta chelsea 2023<\/a> el club denunci\u00f3 que Javi Mart\u00ednez hab\u00eda pasado reconocimiento m\u00e9dico con el Bayern sin autorizaci\u00f3n del Athletic.<\/p>\n<p><span style=\"display:block;text-align:center;clear:both\"><img decoding=\"async\" style=\"max-width: 360px;\" loading=\"lazy\" src=\"https:\/\/www.camisetasdefutbolshop.com\/image\/20220601SX\/camiseta-de-entrenamiento-chelsea-sin-mangas-2022-2023-kit-amarillo-002.png\" alt=\"camiseta alterna del chelsea\"><\/span><span style=\"display:block;text-align:center;clear:both\"><a href=\"https:\/\/www.camisetasdefutbolshop.com\/chelsea-fc-es-075\"><img style='max-width: 360px;' alt='camiseta del chelsea adidas' src='https:\/\/www.camisetasdefutbolshop.com\/image\/20220606SX\/camiseta-chelsea-1-equipacion-2022-baby-001.jpg' loading='lazy'><\/a><\/span><span style=\"display:block;text-align:center;clear:both\"><img decoding=\"async\" style=\"max-width: 360px;\" src=\"https:\/\/camisetasdefutbolshop.com\/image\/20220913SX\/camiseta-de-portero-chelsea-fc-2022-2023-naranja-002.jpg\" alt=\"camiseta chelsea amarilla 2014\" loading=\"lazy\"><\/span><span style=\"display:block;text-align:center;clear:both\"><img style='max-width: 360px;' loading='lazy' src='https:\/\/www.camisetasdefutbolshop.com\/image\/20220328SX\/polo-chelsea-fc-2022-2023-azul-real-002.jpg' alt='equipacion chelsea 2014'><\/span><span style=\"display:block;text-align:center;clear:both\"><img decoding=\"async\" src=\"https:\/\/www.camisetasdefutbolshop.com\/image\/20220519SX\/camiseta-chelsea-1-equipacion-retro-1997-99-002.jpg\" alt=\"camiseta chelsea adidas\" loading=\"lazy\" style=\"max-width: 360px;\"><\/span><span style=\"display:block;text-align:center;clear:both\"><img decoding=\"async\" alt=\"camiseta chelsea 2\" src=\"https:\/\/www.camisetasdefutbolshop.com\/image\/20220228SX\/camiseta-de-entrenamiento-chelsea-2022-2023-azul-marino-002.jpg\" loading=\"lazy\" style=\"max-width: 360px;\"><\/span><span style=\"display:block;text-align:center;clear:both\"><img decoding=\"async\" src=\"https:\/\/www.camisetasdefutbolshop.com\/image\/20220228SX\/sudadera-de-entrenamiento-chelsea-fc-2021-2022-gris-001.jpg\" alt=\"camiseta chelsea 2020 negra\" loading=\"lazy\" style=\"max-width: 360px;\"><\/span><span style=\"display:block;text-align:center;clear:both\"><img decoding=\"async\" style=\"max-width: 360px;\" loading=\"lazy\" src=\"https:\/\/www.camisetasdefutbolshop.com\/image\/20220601SX\/chaqueta-chelsea-2022-2023-con-capucha-azul-oscuro-001.jpg\" alt=\"equipacion chelsea 2018\"><\/span><\/p>\n","protected":false},"excerpt":{"rendered":"<p>La posible marcha de dos de sus principales estrellas caus\u00f3 una enorme inestabilidad. Si bien parec\u00eda todo m\u00e1s tranquilo, la prensa empez\u00f3 a hacerse eco de una posible marcha de Javi Mart\u00ednez al Bayern de M\u00fanich. El Athletic cay\u00f3 derrotado en San Mam\u00e9s ante el Betis tras empezar perdiendo 0-3, remontar hasta ponerse 3-3 y [&hellip;]<\/p>\n","protected":false},"author":1,"featured_media":0,"comment_status":"closed","ping_status":"closed","sticky":false,"template":"","format":"standard","meta":{"_seopress_robots_primary_cat":"none","_seopress_titles_title":"","_seopress_titles_desc":"","_seopress_robots_index":"","footnotes":""},"categories":[1],"tags":[1148,1149,1150],"class_list":["post-1040","post","type-post","status-publish","format-standard","hentry","category-uncategorized","tag-camiseta-chelsea-2020-amazon","tag-camiseta-chelsea-coral-barata","tag-camisetas-del-chelsea-2018-19-baratas"],"_links":{"self":[{"href":"https:\/\/amcpp.com\/index.php\/wp-json\/wp\/v2\/posts\/1040","targetHints":{"allow":["GET"]}}],"collection":[{"href":"https:\/\/amcpp.com\/index.php\/wp-json\/wp\/v2\/posts"}],"about":[{"href":"https:\/\/amcpp.com\/index.php\/wp-json\/wp\/v2\/types\/post"}],"author":[{"embeddable":true,"href":"https:\/\/amcpp.com\/index.php\/wp-json\/wp\/v2\/users\/1"}],"replies":[{"embeddable":true,"href":"https:\/\/amcpp.com\/index.php\/wp-json\/wp\/v2\/comments?post=1040"}],"version-history":[{"count":1,"href":"https:\/\/amcpp.com\/index.php\/wp-json\/wp\/v2\/posts\/1040\/revisions"}],"predecessor-version":[{"id":1041,"href":"https:\/\/amcpp.com\/index.php\/wp-json\/wp\/v2\/posts\/1040\/revisions\/1041"}],"wp:attachment":[{"href":"https:\/\/amcpp.com\/index.php\/wp-json\/wp\/v2\/media?parent=1040"}],"wp:term":[{"taxonomy":"category","embeddable":true,"href":"https:\/\/amcpp.com\/index.php\/wp-json\/wp\/v2\/categories?post=1040"},{"taxonomy":"post_tag","embeddable":true,"href":"https:\/\/amcpp.com\/index.php\/wp-json\/wp\/v2\/tags?post=1040"}],"curies":[{"name":"wp","href":"https:\/\/api.w.org\/{rel}","templated":true}]}}