{"id":1468,"date":"2023-08-10T06:41:33","date_gmt":"2023-08-10T05:41:33","guid":{"rendered":"http:\/\/amcpp.com\/?p=1468"},"modified":"2023-08-10T06:41:33","modified_gmt":"2023-08-10T05:41:33","slug":"camiseta-chelsea-adidas-7","status":"publish","type":"post","link":"https:\/\/amcpp.com\/index.php\/2023\/08\/10\/camiseta-chelsea-adidas-7\/","title":{"rendered":"camiseta chelsea adidas"},"content":{"rendered":"<p><span style=\"display:block;text-align:center;clear:both\"><img style='max-width: 385px;' src='https:\/\/www.camisetasdefutbolshop.com\/image\/20220420SX\/camiseta-de-entrenamiento-chelsea-2022-2023-azul-real-004.jpg' alt='camiseta chelsea 2012 13' loading='lazy'><\/span> Tambi\u00e9n organiz\u00f3 la cesi\u00f3n del desconocido Fabinho Tavares al Real Madrid Castilla, donde lleg\u00f3 a tener protagonismo y obtuvo la titularidad a pesar de tener actuaciones discretas. En el verano de 2013, Jorge Mendes influy\u00f3 en la construcci\u00f3n de la plantilla del AS Monaco, que fich\u00f3 a Radamel Falcao a cambio de 63 millones de euros, as\u00ed como a Jo\u00e3o Moutinho y James Rodr\u00edguez procedentes del FC Oporto por un montante total de 70 millones de euros, <a href=\"https:\/\/www.camisetasdefutbolshop.com\/chelsea-fc-es-075\" >equipacion chelsea 2023<\/a> o los fichajes de Ricardo Carvalho y Fabinho.<\/p>\n<p><span style=\"display:block;text-align:center;clear:both\"><img decoding=\"async\" style=\"max-width: 385px;\" loading=\"lazy\" alt=\"chelsea segunda equipacion 2018\" src=\"https:\/\/www.camisetasdefutbolshop.com\/image\/20220425SX\/camiseta-de-entrenamiento-chelsea-2022-2023-negro-amarillo-002.jpg\"><\/span><span style=\"display:block;text-align:center;clear:both\"><img decoding=\"async\" loading=\"lazy\" alt=\"camiseta hazard chelsea 2018\" src=\"https:\/\/www.camisetasdefutbolshop.com\/image\/20220411SX\/camiseta-de-entrenamiento-chelsea-2022-2023-azul-002.jpg\" style=\"max-width: 385px;\"><\/span><span style=\"display:block;text-align:center;clear:both\"><img style='max-width: 385px;' loading='lazy' alt='camiseta chelsea adidas' src='https:\/\/camisetasdefutbolshop.com\/image\/20220905SX\/chaqueta-chelsea-fc-2022-2023-caqui-001_new.jpg'><\/span><span style=\"display:block;text-align:center;clear:both\"><img decoding=\"async\" style=\"max-width: 385px;\" loading=\"lazy\" alt=\"segunda equipacion del chelsea 2019\" src=\"https:\/\/www.camisetasdefutbolshop.com\/image\/20220425SX\/camiseta-chelsea-fc-1-equipacion-2022-2023-001.jpg\"><\/span><span style=\"display:block;text-align:center;clear:both\"><a HREF='https:\/\/www.camisetasdefutbolshop.com\/chelsea-fc-es-075'><img decoding=\"async\" alt=\"camiseta del chelsea adidas\" src=\"https:\/\/www.camisetasdefutbolshop.com\/image\/20220606SX\/camiseta-chelsea-1-equipacion-2022-baby-001.jpg\" loading=\"lazy\" style=\"max-width: 385px;\"><\/a><\/span><span style=\"display:block;text-align:center;clear:both\"><img decoding=\"async\" loading=\"lazy\" src=\"https:\/\/camisetasdefutbolshop.com\/image\/20220719SX\/camiseta-chelsea-1-equipacion-2022-2023-04.png\" alt=\"camiseta chelsea 16 17\" style=\"max-width: 385px;\"><\/span><span style=\"display:block;text-align:center;clear:both\"><img src='https:\/\/camisetasdefutbolshop.com\/image\/20220922SX\/camiseta-chelsea-FC-2-equipacion-2022-2023-nino-kit-003.jpg' alt='camiseta 2019 2020 chelsea' loading='lazy' style='max-width: 385px;'><\/span><span style=\"display:block;text-align:center;clear:both\"><a Href=\"https:\/\/www.camisetasdefutbolshop.com\/chelsea-fc-es-075\"  rel = \"nofollow\"><img decoding=\"async\" loading=\"lazy\" alt=\"camiseta alterna del chelsea\" src=\"https:\/\/camisetasdefutbolshop.com\/image\/20220922SX\/camiseta-chelsea-FC-2-equipacion-2022-2023-nino-kit-004.jpg\" style=\"max-width: 385px;\"><\/a><\/span><\/p>\n","protected":false},"excerpt":{"rendered":"<p>Tambi\u00e9n organiz\u00f3 la cesi\u00f3n del desconocido Fabinho Tavares al Real Madrid Castilla, donde lleg\u00f3 a tener protagonismo y obtuvo la titularidad a pesar de tener actuaciones discretas. En el verano de 2013, Jorge Mendes influy\u00f3 en la construcci\u00f3n de la plantilla del AS Monaco, que fich\u00f3 a Radamel Falcao a cambio de 63 millones de [&hellip;]<\/p>\n","protected":false},"author":1,"featured_media":0,"comment_status":"closed","ping_status":"closed","sticky":false,"template":"","format":"standard","meta":{"_seopress_robots_primary_cat":"none","_seopress_titles_title":"","_seopress_titles_desc":"","_seopress_robots_index":"","footnotes":""},"categories":[1],"tags":[1524,1254,730],"class_list":["post-1468","post","type-post","status-publish","format-standard","hentry","category-uncategorized","tag-camiseta-de-chelsea-2015","tag-chelsea-equipacion-2019-20","tag-morata-chelsea-camiseta"],"_links":{"self":[{"href":"https:\/\/amcpp.com\/index.php\/wp-json\/wp\/v2\/posts\/1468","targetHints":{"allow":["GET"]}}],"collection":[{"href":"https:\/\/amcpp.com\/index.php\/wp-json\/wp\/v2\/posts"}],"about":[{"href":"https:\/\/amcpp.com\/index.php\/wp-json\/wp\/v2\/types\/post"}],"author":[{"embeddable":true,"href":"https:\/\/amcpp.com\/index.php\/wp-json\/wp\/v2\/users\/1"}],"replies":[{"embeddable":true,"href":"https:\/\/amcpp.com\/index.php\/wp-json\/wp\/v2\/comments?post=1468"}],"version-history":[{"count":1,"href":"https:\/\/amcpp.com\/index.php\/wp-json\/wp\/v2\/posts\/1468\/revisions"}],"predecessor-version":[{"id":1469,"href":"https:\/\/amcpp.com\/index.php\/wp-json\/wp\/v2\/posts\/1468\/revisions\/1469"}],"wp:attachment":[{"href":"https:\/\/amcpp.com\/index.php\/wp-json\/wp\/v2\/media?parent=1468"}],"wp:term":[{"taxonomy":"category","embeddable":true,"href":"https:\/\/amcpp.com\/index.php\/wp-json\/wp\/v2\/categories?post=1468"},{"taxonomy":"post_tag","embeddable":true,"href":"https:\/\/amcpp.com\/index.php\/wp-json\/wp\/v2\/tags?post=1468"}],"curies":[{"name":"wp","href":"https:\/\/api.w.org\/{rel}","templated":true}]}}