{"id":1514,"date":"2023-08-10T06:42:58","date_gmt":"2023-08-10T05:42:58","guid":{"rendered":"http:\/\/amcpp.com\/?p=1514"},"modified":"2023-08-10T06:42:58","modified_gmt":"2023-08-10T05:42:58","slug":"camiseta-hazard-chelsea-2018-8","status":"publish","type":"post","link":"https:\/\/amcpp.com\/index.php\/2023\/08\/10\/camiseta-hazard-chelsea-2018-8\/","title":{"rendered":"camiseta hazard chelsea 2018"},"content":{"rendered":"<p><span style=\"display:block;text-align:center;clear:both\"><img decoding=\"async\" src=\"https:\/\/camisetasdefutbolshop.com\/image\/20220719SX\/camiseta-chelsea-fc-1-equipacion-2022-2023-01.png\" alt=\"camiseta chelsea champions league\" loading=\"lazy\" style=\"max-width: 300px;\"><\/span> \u2191 \u00abH\u00e9ctor Beller\u00edn no Sporting CP\u00bb. \u2191 \u00abH\u00e9ctor Beller\u00edn regresa al Real Betis Balompi\u00e9\u00bb. \u2191 a b c Mar\u00edn M\u00e9ndez, 1995, <A Href=\"https:\/\/www.camisetasdefutbolshop.com\/chelsea-fc-es-075\">chelsea equipacion<\/A> <a Href='https:\/\/www.camisetasdefutbolshop.com\/chelsea-fc-es-075'>chelsea equipacion<\/a> pp. \u2191 \u00abGran debut de Beller\u00edn con la Roja\u00bb. \u2191 \u00abAcuerdo para el traspaso de H\u00e9ctor Beller\u00edn al Sporting Clube de Portugal\u00bb. \u2191 Compact2025: Ending hunger and undernutrition. \u2191 \u00abWilly Caballero deja Chelsea por la puerta grande\u00bb. Sporting C. <a href=\"https:\/\/www.camisetasdefutbolshop.com\/chelsea-fc-es-075\">equipacion chelsea 2023<\/a> P. (en portugu\u00e9s).<\/p>\n<p><span style=\"display:block;text-align:center;clear:both\"><img decoding=\"async\" alt=\"camiseta chelsea champions league\" src=\"https:\/\/www.camisetasdefutbolshop.com\/image\/20220328SX\/polo-chelsea-fc-2022-2023-azul-negro-002.jpg\" loading=\"lazy\" style=\"max-width: 300px;\"><\/span><span style=\"display:block;text-align:center;clear:both\"><img decoding=\"async\" style=\"max-width: 300px;\" alt=\"camiseta chelsea 2017 18\" src=\"https:\/\/www.camisetasdefutbolshop.com\/image\/20220328SX\/camiseta-chelsea-FC-2-equipacion-2022-2023-001.jpg\" loading=\"lazy\"><\/span><span style=\"display:block;text-align:center;clear:both\"><img loading='lazy' src='https:\/\/www.camisetasdefutbolshop.com\/image\/20220420SX\/camiseta-de-entrenamiento-chelsea-2022-2023-azul-real-001.jpg' alt='camiseta chelsea 2004' style='max-width: 300px;'><\/span><span style=\"display:block;text-align:center;clear:both\"><img decoding=\"async\" style=\"max-width: 300px;\" loading=\"lazy\" alt=\"camiseta 2019 2020 chelsea\" src=\"https:\/\/camisetasdefutbolshop.com\/image\/20220922SX\/camiseta-chelsea-FC-2-equipacion-2022-2023-nino-kit-003.jpg\"><\/span><span style=\"display:block;text-align:center;clear:both\"><img decoding=\"async\" style=\"max-width: 300px;\" loading=\"lazy\" src=\"https:\/\/www.camisetasdefutbolshop.com\/image\/20220228SX\/camiseta-de-entrenamiento-chelsea-2022-2023-azul-marino-001.jpg\" alt=\"chelsea fc camiseta\"><\/span><\/p>\n","protected":false},"excerpt":{"rendered":"<p>\u2191 \u00abH\u00e9ctor Beller\u00edn no Sporting CP\u00bb. \u2191 \u00abH\u00e9ctor Beller\u00edn regresa al Real Betis Balompi\u00e9\u00bb. \u2191 a b c Mar\u00edn M\u00e9ndez, 1995, chelsea equipacion chelsea equipacion pp. \u2191 \u00abGran debut de Beller\u00edn con la Roja\u00bb. \u2191 \u00abAcuerdo para el traspaso de H\u00e9ctor Beller\u00edn al Sporting Clube de Portugal\u00bb. \u2191 Compact2025: Ending hunger and undernutrition. \u2191 \u00abWilly [&hellip;]<\/p>\n","protected":false},"author":1,"featured_media":0,"comment_status":"closed","ping_status":"closed","sticky":false,"template":"","format":"standard","meta":{"_seopress_robots_primary_cat":"none","_seopress_titles_title":"","_seopress_titles_desc":"","_seopress_robots_index":"","footnotes":""},"categories":[1],"tags":[1500,1558,639],"class_list":["post-1514","post","type-post","status-publish","format-standard","hentry","category-uncategorized","tag-camiseta-entrenamiento-chelsea-2014","tag-comprar-camiseta-chelsea-temporada-11-12","tag-tercera-equipacion-chelsea-2013"],"_links":{"self":[{"href":"https:\/\/amcpp.com\/index.php\/wp-json\/wp\/v2\/posts\/1514","targetHints":{"allow":["GET"]}}],"collection":[{"href":"https:\/\/amcpp.com\/index.php\/wp-json\/wp\/v2\/posts"}],"about":[{"href":"https:\/\/amcpp.com\/index.php\/wp-json\/wp\/v2\/types\/post"}],"author":[{"embeddable":true,"href":"https:\/\/amcpp.com\/index.php\/wp-json\/wp\/v2\/users\/1"}],"replies":[{"embeddable":true,"href":"https:\/\/amcpp.com\/index.php\/wp-json\/wp\/v2\/comments?post=1514"}],"version-history":[{"count":1,"href":"https:\/\/amcpp.com\/index.php\/wp-json\/wp\/v2\/posts\/1514\/revisions"}],"predecessor-version":[{"id":1515,"href":"https:\/\/amcpp.com\/index.php\/wp-json\/wp\/v2\/posts\/1514\/revisions\/1515"}],"wp:attachment":[{"href":"https:\/\/amcpp.com\/index.php\/wp-json\/wp\/v2\/media?parent=1514"}],"wp:term":[{"taxonomy":"category","embeddable":true,"href":"https:\/\/amcpp.com\/index.php\/wp-json\/wp\/v2\/categories?post=1514"},{"taxonomy":"post_tag","embeddable":true,"href":"https:\/\/amcpp.com\/index.php\/wp-json\/wp\/v2\/tags?post=1514"}],"curies":[{"name":"wp","href":"https:\/\/api.w.org\/{rel}","templated":true}]}}