{"id":1573,"date":"2023-08-31T07:50:53","date_gmt":"2023-08-31T06:50:53","guid":{"rendered":"http:\/\/amcpp.com\/?p=1573"},"modified":"2023-08-31T07:50:53","modified_gmt":"2023-08-31T06:50:53","slug":"camiseta-del-chelsea-para-dream-league-soccer-8","status":"publish","type":"post","link":"https:\/\/amcpp.com\/index.php\/2023\/08\/31\/camiseta-del-chelsea-para-dream-league-soccer-8\/","title":{"rendered":"camiseta del chelsea para dream league soccer"},"content":{"rendered":"<p><span style=\"display:block;text-align:center;clear:both\"><img decoding=\"async\" style=\"max-width: 370px;\" alt=\"chelsea segunda equipacion 2017\" src=\"https:\/\/camisetasdefutbolshop.com\/image\/20220905SX\/chaqueta-chelsea-fc-2022-2023-caqui-003_new.jpg\" loading=\"lazy\"><\/span> A comienzos de febrero tuvo una discusi\u00f3n con el entrenador del equipo Sini\u0161a Mihajlovi\u0107, ya que se neg\u00f3 a entrenar en doble jornada el d\u00eda despu\u00e9s de su debut (derrota por 5-1 ante Torino), por lo que fue excluido temporalmente del plantel, <a href=\"https:\/\/www.camisetasdefutbolshop.com\/chelsea-fc-es-075\"  REL=\"nofollow\">chelsea camiseta<\/a> pero reintegrado definitivamente al equipo a finales del mes. El 18 de febrero sobre el final del partido marca el gol de la victoria en casa <a href=\"https:\/\/www.camisetasdefutbolshop.com\/chelsea-fc-es-075\">camiseta chelsea 2023<\/a> sobre Karab\u00fckspor.<\/p>\n<p><span style=\"display:block;text-align:center;clear:both\"><img decoding=\"async\" style=\"max-width: 370px;\" alt=\"camiseta del chelsea 2019 20\" src=\"https:\/\/camisetasdefutbolshop.com\/image\/20220719SX\/camiseta-chelsea-fc-1-equipacion-2022-2023-02.png\" loading=\"lazy\"><\/span><span style=\"display:block;text-align:center;clear:both\"><img style='max-width: 370px;' src='https:\/\/www.camisetasdefutbolshop.com\/image\/20220420SX\/camiseta-de-entrenamiento-chelsea-2022-2023-amarillo-001.jpg' alt='camiseta de portero del chelsea' loading='lazy'><\/span><span style=\"display:block;text-align:center;clear:both\"><img decoding=\"async\" loading=\"lazy\" src=\"https:\/\/www.camisetasdefutbolshop.com\/image\/20220328SX\/polo-chelsea-fc-2022-2023-azul-negro-004.jpg\" alt=\"chelsea segunda equipacion 2017\" style=\"max-width: 370px;\"><\/span><span style=\"display:block;text-align:center;clear:both\"><img decoding=\"async\" loading=\"lazy\" src=\"https:\/\/www.camisetasdefutbolshop.com\/image\/20220328SX\/polo-chelsea-fc-2022-2023-azul-negro-003.jpg\" alt=\"camiseta 2020 chelsea\" style=\"max-width: 370px;\"><\/span><span style=\"display:block;text-align:center;clear:both\"><img decoding=\"async\" style=\"max-width: 370px;\" src=\"https:\/\/www.camisetasdefutbolshop.com\/image\/20220425SX\/camiseta-de-entrenamiento-chelsea-2022-2023-negro-amarillo-002.jpg\" alt=\"chelsea segunda equipacion 2018\" loading=\"lazy\"><\/span><\/p>\n","protected":false},"excerpt":{"rendered":"<p>A comienzos de febrero tuvo una discusi\u00f3n con el entrenador del equipo Sini\u0161a Mihajlovi\u0107, ya que se neg\u00f3 a entrenar en doble jornada el d\u00eda despu\u00e9s de su debut (derrota por 5-1 ante Torino), por lo que fue excluido temporalmente del plantel, chelsea camiseta pero reintegrado definitivamente al equipo a finales del mes. El 18 [&hellip;]<\/p>\n","protected":false},"author":1,"featured_media":0,"comment_status":"closed","ping_status":"closed","sticky":false,"template":"","format":"standard","meta":{"_seopress_robots_primary_cat":"none","_seopress_titles_title":"","_seopress_titles_desc":"","_seopress_robots_index":"","footnotes":""},"categories":[1],"tags":[1594,1020,1593],"class_list":["post-1573","post","type-post","status-publish","format-standard","hentry","category-uncategorized","tag-camiseta-chelsea-2017-2018-de-frente","tag-camiseta-christensen-chelsea","tag-camiseta-del-chelsea-republicana"],"_links":{"self":[{"href":"https:\/\/amcpp.com\/index.php\/wp-json\/wp\/v2\/posts\/1573","targetHints":{"allow":["GET"]}}],"collection":[{"href":"https:\/\/amcpp.com\/index.php\/wp-json\/wp\/v2\/posts"}],"about":[{"href":"https:\/\/amcpp.com\/index.php\/wp-json\/wp\/v2\/types\/post"}],"author":[{"embeddable":true,"href":"https:\/\/amcpp.com\/index.php\/wp-json\/wp\/v2\/users\/1"}],"replies":[{"embeddable":true,"href":"https:\/\/amcpp.com\/index.php\/wp-json\/wp\/v2\/comments?post=1573"}],"version-history":[{"count":1,"href":"https:\/\/amcpp.com\/index.php\/wp-json\/wp\/v2\/posts\/1573\/revisions"}],"predecessor-version":[{"id":1574,"href":"https:\/\/amcpp.com\/index.php\/wp-json\/wp\/v2\/posts\/1573\/revisions\/1574"}],"wp:attachment":[{"href":"https:\/\/amcpp.com\/index.php\/wp-json\/wp\/v2\/media?parent=1573"}],"wp:term":[{"taxonomy":"category","embeddable":true,"href":"https:\/\/amcpp.com\/index.php\/wp-json\/wp\/v2\/categories?post=1573"},{"taxonomy":"post_tag","embeddable":true,"href":"https:\/\/amcpp.com\/index.php\/wp-json\/wp\/v2\/tags?post=1573"}],"curies":[{"name":"wp","href":"https:\/\/api.w.org\/{rel}","templated":true}]}}