{"id":324,"date":"2022-07-29T05:06:06","date_gmt":"2022-07-29T04:06:06","guid":{"rendered":"http:\/\/amcpp.com\/?p=324"},"modified":"2022-07-29T05:06:06","modified_gmt":"2022-07-29T04:06:06","slug":"para-las-fanaticas-de-las-peliculas-4","status":"publish","type":"post","link":"https:\/\/amcpp.com\/index.php\/2022\/07\/29\/para-las-fanaticas-de-las-peliculas-4\/","title":{"rendered":"Para Las Fan\u00e1ticas De Las Pel\u00edculas"},"content":{"rendered":"<p><iframe width='640' height='360' src='https:\/\/www.youtube.com\/embed\/4Ywsm9iT1Bs?modestbranding=1' frameborder='0' allowfullscreen title='camiseta athletic bilbao (c) by N\/A' style=\"clear:both; float:left; padding:10px 10px 10px 0px;border:0px;\"><\/iframe><\/p>\n<div style=\"clear:both;\"><\/div>\n<p><span style=\"display:block;text-align:center;clear:both\"><img style='max-width: 300px;' loading='lazy' src='https:\/\/www.camisetasdefutbolshop.com\/image\/20220503SX\/camiseta-de-entrenamiento-flamengo-2022-2023-rojo-001.jpg'><\/span> El central procede del Hertha de Berl\u00edn, pero a sus 25 a\u00f1os ya ha pasado por multitud de equipos en los que ha coincidido con varios de los que hoy son sus compa\u00f1eros en Nervi\u00f3n, aunque curiosamente no se ha reencontrado con ellos con motivo de las convocatorias de las selecciones nacionales. Los materiales utilizados son de alta preeminencia, entradas real madrid baratas para poder darte una mejor experiencia. Ok, ok, ok, son tod@s ustedes muy erudit@s y nada que ver con la cultura de los nacos, pero\u2026<\/p>\n<p><span style=\"display:block;text-align:center;clear:both\"><a href = \"https:\/\/www.camisetasdefutbolshop.com\/manchester-city-es-078\"><img decoding=\"async\" loading=\"lazy\" src=\"https:\/\/www.camisetasdefutbolshop.com\/image\/20220519SX\/camiseta-chelsea-2-equipacion-retro-95-97-001.jpg\" style=\"max-width: 300px;\"><\/a><\/span><span style=\"display:block;text-align:center;clear:both\"><img decoding=\"async\" loading=\"lazy\" src=\"https:\/\/www.camisetasdefutbolshop.com\/image\/20220328SX\/cortavientos-arsenal-2022-2023-con-capucha-negro-002.jpg\" style=\"max-width: 300px;\"><\/span><span style=\"display:block;text-align:center;clear:both\"><img decoding=\"async\" style=\"max-width: 300px;\" loading=\"lazy\" src=\"https:\/\/www.camisetasdefutbolshop.com\/image\/20220328SX\/cortavientos-sao-paulo-2022-2023-con-capucha-negro-001.jpg\"><\/span><span style=\"display:block;text-align:center;clear:both\"><img decoding=\"async\" src=\"https:\/\/www.camisetasdefutbolshop.com\/image\/20220328SX\/polo-chelsea-fc-2022-2023-azul-real-002.jpg\" loading=\"lazy\" style=\"max-width: 300px;\"><\/span><span style=\"display:block;text-align:center;clear:both\"><a href=\"https:\/\/www.camisetasdefutbolshop.com\/barcelona-es-002\"><img style='max-width: 300px;' src='https:\/\/www.camisetasdefutbolshop.com\/image\/20220519SX\/camiseta-brasil-1-equipacion-retro-1998-002.jpg' loading='lazy'><\/a><\/span><span style=\"display:block;text-align:center;clear:both\"><img decoding=\"async\" style=\"max-width: 300px;\" src=\"https:\/\/www.camisetasdefutbolshop.com\/image\/20220519SX\/camiseta-de-portero-italia-retro-2006-001.jpg\" loading=\"lazy\"><\/span><\/p>\n","protected":false},"excerpt":{"rendered":"<p>El central procede del Hertha de Berl\u00edn, pero a sus 25 a\u00f1os ya ha pasado por multitud de equipos en los que ha coincidido con varios de los que hoy son sus compa\u00f1eros en Nervi\u00f3n, aunque curiosamente no se ha reencontrado con ellos con motivo de las convocatorias de las selecciones nacionales. Los materiales utilizados [&hellip;]<\/p>\n","protected":false},"author":1,"featured_media":0,"comment_status":"closed","ping_status":"closed","sticky":false,"template":"","format":"standard","meta":{"_seopress_robots_primary_cat":"none","_seopress_titles_title":"","_seopress_titles_desc":"","_seopress_robots_index":"","footnotes":""},"categories":[1],"tags":[242,240,241],"class_list":["post-324","post","type-post","status-publish","format-standard","hentry","category-uncategorized","tag-camiseta-real-jaen-futbol-sala","tag-camisetas-de-futbol-valladolid","tag-camisetas-futbol-por-mayor"],"_links":{"self":[{"href":"https:\/\/amcpp.com\/index.php\/wp-json\/wp\/v2\/posts\/324","targetHints":{"allow":["GET"]}}],"collection":[{"href":"https:\/\/amcpp.com\/index.php\/wp-json\/wp\/v2\/posts"}],"about":[{"href":"https:\/\/amcpp.com\/index.php\/wp-json\/wp\/v2\/types\/post"}],"author":[{"embeddable":true,"href":"https:\/\/amcpp.com\/index.php\/wp-json\/wp\/v2\/users\/1"}],"replies":[{"embeddable":true,"href":"https:\/\/amcpp.com\/index.php\/wp-json\/wp\/v2\/comments?post=324"}],"version-history":[{"count":1,"href":"https:\/\/amcpp.com\/index.php\/wp-json\/wp\/v2\/posts\/324\/revisions"}],"predecessor-version":[{"id":325,"href":"https:\/\/amcpp.com\/index.php\/wp-json\/wp\/v2\/posts\/324\/revisions\/325"}],"wp:attachment":[{"href":"https:\/\/amcpp.com\/index.php\/wp-json\/wp\/v2\/media?parent=324"}],"wp:term":[{"taxonomy":"category","embeddable":true,"href":"https:\/\/amcpp.com\/index.php\/wp-json\/wp\/v2\/categories?post=324"},{"taxonomy":"post_tag","embeddable":true,"href":"https:\/\/amcpp.com\/index.php\/wp-json\/wp\/v2\/tags?post=324"}],"curies":[{"name":"wp","href":"https:\/\/api.w.org\/{rel}","templated":true}]}}