{"id":378,"date":"2022-09-08T03:02:23","date_gmt":"2022-09-08T02:02:23","guid":{"rendered":"http:\/\/amcpp.com\/?p=378"},"modified":"2022-09-08T03:02:23","modified_gmt":"2022-09-08T02:02:23","slug":"como-crear-una-camiseta-de-futbol-con-mi-nombre","status":"publish","type":"post","link":"https:\/\/amcpp.com\/index.php\/2022\/09\/08\/como-crear-una-camiseta-de-futbol-con-mi-nombre\/","title":{"rendered":"como crear una camiseta de futbol con mi nombre"},"content":{"rendered":"<p><span style=\"display:block;text-align:center;clear:both\"><iframe width='640' height='360' src='https:\/\/www.youtube.com\/embed\/b1KI-QApYlU' frameborder='0' allowfullscreen title='psg club de f\u00fatbol bogota (c) by N\/A'><\/iframe><\/span><\/p>\n<p><span style=\"display:block;text-align:center;clear:both\"><a href = \"https:\/\/camisetasdefutbolshop.com\/\"><img src='https:\/\/www.camisetasdefutbolshop.com\/image\/20220328SX\/polo-ac-milan-2022-2023-negro-004.jpg' loading='lazy' style='max-width: 365px;'><\/a><\/span> La siguiente temporada se qued\u00f3 a las puertas de otra final de Copa, pero se qued\u00f3 en las semifinales, pero justo despu\u00e9s conquist\u00f3 su segunda Liga: la Liga de 1944, el 26 de marzo, cuando el club celebraba su 25.\u00ba aniversario, y de nuevo a falta de dos jornada para terminar el campeonato. Uno de los primeros actos que realiz\u00f3 el club hispalense en Se\u00fal tras el primer entrenamiento en tierras asi\u00e1ticas fue un \u2018Media Day\u2019 organizado por LaLiga en donde multitud de medios locales se dieron cita para conocer las impresiones Jos\u00e9 Mar\u00eda del Nido (vicepresidente), de Julen Lopetegui (entrenador), <A HREF=\"https:\/\/www.camisetasdefutbolshop.com\/manchester-city-es-078\"  rel=\"nofollow\">camiseta manchester city 2022<\/A> Fernando Navarro (direcci\u00f3n deportiva) y Joan Jord\u00e1n (futbolista).<\/p>\n<p><span style=\"display:block;text-align:center;clear:both\"><img decoding=\"async\" style=\"max-width: 365px;\" loading=\"lazy\" src=\"https:\/\/www.camisetasdefutbolshop.com\/image\/20220328SX\/cortavientos-sao-paulo-2022-2023-con-capucha-negro-azul-002.jpg\"><\/span><span style=\"display:block;text-align:center;clear:both\"><img decoding=\"async\" loading=\"lazy\" src=\"https:\/\/www.camisetasdefutbolshop.com\/image\/20220328SX\/polo-arsenal-2022-2023-negro-003.jpg\" style=\"max-width: 365px;\"><\/span><span style=\"display:block;text-align:center;clear:both\"><img decoding=\"async\" style=\"max-width: 365px;\" loading=\"lazy\" src=\"https:\/\/www.camisetasdefutbolshop.com\/image\/20220214SX\/camiseta-barcelona-retro-1991-92-002.jpg\"><\/span><span style=\"display:block;text-align:center;clear:both\"><img decoding=\"async\" src=\"https:\/\/www.camisetasdefutbolshop.com\/image\/20220425SX\/camiseta-tottenham-hotspur-1-equipacion-2022-2023-002.jpg\" loading=\"lazy\" style=\"max-width: 365px;\"><\/span><span style=\"display:block;text-align:center;clear:both\"><img decoding=\"async\" style=\"max-width: 365px;\" loading=\"lazy\" src=\"https:\/\/www.camisetasdefutbolshop.com\/image\/20220228SX\/camiseta-de-entrenamiento-manchester-city-2022-2023-blanco-azul-claro-002.jpg\"><\/span><\/p>\n","protected":false},"excerpt":{"rendered":"<p>La siguiente temporada se qued\u00f3 a las puertas de otra final de Copa, pero se qued\u00f3 en las semifinales, pero justo despu\u00e9s conquist\u00f3 su segunda Liga: la Liga de 1944, el 26 de marzo, cuando el club celebraba su 25.\u00ba aniversario, y de nuevo a falta de dos jornada para terminar el campeonato. Uno de [&hellip;]<\/p>\n","protected":false},"author":1,"featured_media":0,"comment_status":"closed","ping_status":"closed","sticky":false,"template":"","format":"standard","meta":{"_seopress_robots_primary_cat":"none","_seopress_titles_title":"","_seopress_titles_desc":"","_seopress_robots_index":"","footnotes":""},"categories":[1],"tags":[320,319,318],"class_list":["post-378","post","type-post","status-publish","format-standard","hentry","category-uncategorized","tag-camiseta-tenerife-futbol","tag-camisetas-de-futbol-baratas-2019","tag-paginas-de-camisetas-de-futbol-baratas-fiables"],"_links":{"self":[{"href":"https:\/\/amcpp.com\/index.php\/wp-json\/wp\/v2\/posts\/378","targetHints":{"allow":["GET"]}}],"collection":[{"href":"https:\/\/amcpp.com\/index.php\/wp-json\/wp\/v2\/posts"}],"about":[{"href":"https:\/\/amcpp.com\/index.php\/wp-json\/wp\/v2\/types\/post"}],"author":[{"embeddable":true,"href":"https:\/\/amcpp.com\/index.php\/wp-json\/wp\/v2\/users\/1"}],"replies":[{"embeddable":true,"href":"https:\/\/amcpp.com\/index.php\/wp-json\/wp\/v2\/comments?post=378"}],"version-history":[{"count":1,"href":"https:\/\/amcpp.com\/index.php\/wp-json\/wp\/v2\/posts\/378\/revisions"}],"predecessor-version":[{"id":379,"href":"https:\/\/amcpp.com\/index.php\/wp-json\/wp\/v2\/posts\/378\/revisions\/379"}],"wp:attachment":[{"href":"https:\/\/amcpp.com\/index.php\/wp-json\/wp\/v2\/media?parent=378"}],"wp:term":[{"taxonomy":"category","embeddable":true,"href":"https:\/\/amcpp.com\/index.php\/wp-json\/wp\/v2\/categories?post=378"},{"taxonomy":"post_tag","embeddable":true,"href":"https:\/\/amcpp.com\/index.php\/wp-json\/wp\/v2\/tags?post=378"}],"curies":[{"name":"wp","href":"https:\/\/api.w.org\/{rel}","templated":true}]}}