{"id":522,"date":"2022-09-08T03:10:55","date_gmt":"2022-09-08T02:10:55","guid":{"rendered":"http:\/\/amcpp.com\/?p=522"},"modified":"2022-09-08T03:10:55","modified_gmt":"2022-09-08T02:10:55","slug":"venta-de-equipaciones-de-futbol-baratas","status":"publish","type":"post","link":"https:\/\/amcpp.com\/index.php\/2022\/09\/08\/venta-de-equipaciones-de-futbol-baratas\/","title":{"rendered":"venta de equipaciones de futbol baratas"},"content":{"rendered":"<p><iframe loading=\"lazy\" width=\"640\" height=\"360\" src=\"https:\/\/www.youtube.com\/embed\/peq5O335tbY?showinfo=0&#038;disablekb=1\" frameborder=\"0\" allowfullscreen title=\"nueva camiseta del inter milan 2020 y 2018 (c) by N\/A\" style=\"clear:both; float:left; padding:10px 10px 10px 0px;border:0px;\"><\/iframe><\/p>\n<div style=\"clear:both;\"><\/div>\n<p><span style=\"display:block;text-align:center;clear:both\"><a href='https:\/\/www.camisetasdefutbolshop.com\/barcelona-es-002' ><a href=\"https:\/\/www.camisetasdefutbolshop.com\/real-madrid-es-001\"><img decoding=\"async\" style=\"max-width: 340px;\" src=\"https:\/\/www.camisetasdefutbolshop.com\/image\/20220523SX\/camiseta-arsenal-1-equipacion-2022-2023-mujer-002.jpg\" loading=\"lazy\"><\/a><\/a><\/span> Desde la temporada 2011-2012, el Valencia CF ya desarrollaba un programa de f\u00fatbol para personas con discapacidad intelectual, en el que los jugadores DI del Centro Francisco Esteve EDM Paterna entrenaban en la Ciudad Deportiva Valencia CF, gracias a un convenio entre Fundaci\u00f3 Valencia CF, Valencia CF y Ayuntamiento de Paterna. La secci\u00f3n de atletismo del Valencia CF se cre\u00f3 en el a\u00f1o 1924 y se mantuvo como secci\u00f3n deportiva durante 70 a\u00f1os, desde su creaci\u00f3n en 1924 hasta el a\u00f1o 1994, en el que la secci\u00f3n pasa a denominarse Valencia CA a partir de la temporada 1994-1995, y el club se desvincula de ella.<\/p>\n<p><span style=\"display:block;text-align:center;clear:both\"><img style='max-width: 340px;' loading='lazy' src='https:\/\/www.camisetasdefutbolshop.com\/image\/20220328SX\/polo-psg-2022-2023-blanco-azul-rojo-002.jpg'><\/span><span style=\"display:block;text-align:center;clear:both\"><img decoding=\"async\" style=\"max-width: 340px;\" src=\"https:\/\/www.camisetasdefutbolshop.com\/image\/20220509SX\/camiseta-olympique-de-lyon-4-equipacion-2022-2023-002.png\" loading=\"lazy\"><\/span><span style=\"display:block;text-align:center;clear:both\"><img decoding=\"async\" style=\"max-width: 340px;\" src=\"https:\/\/www.camisetasdefutbolshop.com\/image\/20220425SX\/camiseta-gremio-1-equipacion-2022-2023-001.png\" loading=\"lazy\"><\/span><span style=\"display:block;text-align:center;clear:both\"><a href=\"https:\/\/camisetasdefutbolshop.com\/\"><img decoding=\"async\" loading=\"lazy\" src=\"https:\/\/www.camisetasdefutbolshop.com\/image\/20220228SX\/sudadera-de-entrenamiento-argelia-2021-gris-001.jpg\" style=\"max-width: 340px;\"><\/a><\/span><span style=\"display:block;text-align:center;clear:both\"><img decoding=\"async\" style=\"max-width: 340px;\" src=\"https:\/\/www.camisetasdefutbolshop.com\/image\/20220420SX\/camiseta-universidad-de-chile-3-equipacion-2022-2023-001.jpg\" loading=\"lazy\"><\/span><\/p>\n","protected":false},"excerpt":{"rendered":"<p>Desde la temporada 2011-2012, el Valencia CF ya desarrollaba un programa de f\u00fatbol para personas con discapacidad intelectual, en el que los jugadores DI del Centro Francisco Esteve EDM Paterna entrenaban en la Ciudad Deportiva Valencia CF, gracias a un convenio entre Fundaci\u00f3 Valencia CF, Valencia CF y Ayuntamiento de Paterna. La secci\u00f3n de atletismo [&hellip;]<\/p>\n","protected":false},"author":1,"featured_media":0,"comment_status":"closed","ping_status":"closed","sticky":false,"template":"","format":"standard","meta":{"_seopress_robots_primary_cat":"none","_seopress_titles_title":"","_seopress_titles_desc":"","_seopress_robots_index":"","footnotes":""},"categories":[1],"tags":[512,514,513],"class_list":["post-522","post","type-post","status-publish","format-standard","hentry","category-uncategorized","tag-camiseta-futbol-nicaragua","tag-camisetas-de-futbol-2017-mas-bonitas","tag-dansen-camisetas-futbol"],"_links":{"self":[{"href":"https:\/\/amcpp.com\/index.php\/wp-json\/wp\/v2\/posts\/522","targetHints":{"allow":["GET"]}}],"collection":[{"href":"https:\/\/amcpp.com\/index.php\/wp-json\/wp\/v2\/posts"}],"about":[{"href":"https:\/\/amcpp.com\/index.php\/wp-json\/wp\/v2\/types\/post"}],"author":[{"embeddable":true,"href":"https:\/\/amcpp.com\/index.php\/wp-json\/wp\/v2\/users\/1"}],"replies":[{"embeddable":true,"href":"https:\/\/amcpp.com\/index.php\/wp-json\/wp\/v2\/comments?post=522"}],"version-history":[{"count":1,"href":"https:\/\/amcpp.com\/index.php\/wp-json\/wp\/v2\/posts\/522\/revisions"}],"predecessor-version":[{"id":523,"href":"https:\/\/amcpp.com\/index.php\/wp-json\/wp\/v2\/posts\/522\/revisions\/523"}],"wp:attachment":[{"href":"https:\/\/amcpp.com\/index.php\/wp-json\/wp\/v2\/media?parent=522"}],"wp:term":[{"taxonomy":"category","embeddable":true,"href":"https:\/\/amcpp.com\/index.php\/wp-json\/wp\/v2\/categories?post=522"},{"taxonomy":"post_tag","embeddable":true,"href":"https:\/\/amcpp.com\/index.php\/wp-json\/wp\/v2\/tags?post=522"}],"curies":[{"name":"wp","href":"https:\/\/api.w.org\/{rel}","templated":true}]}}