{"id":526,"date":"2022-09-08T03:11:12","date_gmt":"2022-09-08T02:11:12","guid":{"rendered":"http:\/\/amcpp.com\/?p=526"},"modified":"2022-09-08T03:11:12","modified_gmt":"2022-09-08T02:11:12","slug":"camisetas-de-portero-de-futbol-baratas","status":"publish","type":"post","link":"https:\/\/amcpp.com\/index.php\/2022\/09\/08\/camisetas-de-portero-de-futbol-baratas\/","title":{"rendered":"camisetas de portero de futbol baratas"},"content":{"rendered":"<p><span style=\"display:block;text-align:center;clear:both\"><iframe loading=\"lazy\" width=\"640\" height=\"360\" src=\"https:\/\/www.youtube.com\/embed\/cN7J7_hzs4Y?rel=0&#038;showinfo=0&#038;controls=2\" frameborder=\"0\" allowfullscreen title=\"ver futbol atletico de madrid hoy (c) by N\/A\"><\/iframe><\/span><\/p>\n<p><span style=\"display:block;text-align:center;clear:both\"><img decoding=\"async\" src=\"https:\/\/www.camisetasdefutbolshop.com\/image\/20220613SX\/camiseta-rc-lens-1-equipacion-2022-2023-001.jpg\" loading=\"lazy\" style=\"max-width: 305px;\"><\/span> Al finalizar esta temporada el equipo disput\u00f3 la primera Copa Eva Duarte, campeonato precursor de la actual Supercopa, organizada por la RFEF y que enfrentaba a los campeones de Liga y Copa de la temporada anterior. El equipo estaba al borde de los puestos de descenso, perd\u00eda 1-0 en Anoeta y la decisi\u00f3n del cambio de t\u00e9cnico ya estaba tomada, <a href='https:\/\/www.camisetasdefutbolshop.com\/manchester-united-es-076'>equipacion manchester united 2022<\/a> hasta que un gol de Mendieta en el minuto 79 puso el 1-1 definitivo en el marcador y alarg\u00f3 la paciencia con el t\u00e9cnico.<\/p>\n<p><span style=\"display:block;text-align:center;clear:both\"><img decoding=\"async\" style=\"max-width: 305px;\" src=\"https:\/\/www.camisetasdefutbolshop.com\/image\/20220321SX\/chaqueta-arsenal-2021-2022-con-capucha-rojo-negro-004.jpg\" loading=\"lazy\"><\/span><span style=\"display:block;text-align:center;clear:both\"><img style='max-width: 305px;' src='https:\/\/www.camisetasdefutbolshop.com\/image\/20220214SX\/camiseta-barcelona-2-equipacion-retro-1996-97-001.jpg' loading='lazy'><\/span><span style=\"display:block;text-align:center;clear:both\"><img decoding=\"async\" src=\"https:\/\/www.camisetasdefutbolshop.com\/image\/20220107SX\/camiseta-japon-especial-edicion-2021-azul-002.jpg\" loading=\"lazy\" style=\"max-width: 305px;\"><\/span><span style=\"display:block;text-align:center;clear:both\"><A href=\"https:\/\/camisetasdefutbolshop.com\/\"><img decoding=\"async\" style=\"max-width: 305px;\" loading=\"lazy\" src=\"https:\/\/www.camisetasdefutbolshop.com\/image\/20220328SX\/camiseta-honduras-2-equipacion-2022-001.png\"><\/A><\/span><span style=\"display:block;text-align:center;clear:both\"><img decoding=\"async\" loading=\"lazy\" src=\"https:\/\/www.camisetasdefutbolshop.com\/image\/20220228SX\/sudadera-de-entrenamiento-olympique-lyon-2021-2022-gris-001.jpg\" style=\"max-width: 305px;\"><\/span><span style=\"display:block;text-align:center;clear:both\"><img decoding=\"async\" src=\"https:\/\/www.camisetasdefutbolshop.com\/image\/20220328SX\/camiseta-de-entrenamiento-real-madrid-2022-2023-negro-azul-004.jpg\" loading=\"lazy\" style=\"max-width: 305px;\"><\/span><span style=\"display:block;text-align:center;clear:both\"><img decoding=\"async\" loading=\"lazy\" src=\"https:\/\/www.camisetasdefutbolshop.com\/image\/20220112SX\/camiseta-sport-recife-3-equipaci\u00f3n-2021-2022-002.jpg\" style=\"max-width: 305px;\"><\/span><span style=\"display:block;text-align:center;clear:both\"><img decoding=\"async\" style=\"max-width: 305px;\" src=\"https:\/\/www.camisetasdefutbolshop.com\/image\/20220328SX\/chaqueta-manchester-united-2022-2023-azul-002_new.jpg\" loading=\"lazy\"><\/span><\/p>\n","protected":false},"excerpt":{"rendered":"<p>Al finalizar esta temporada el equipo disput\u00f3 la primera Copa Eva Duarte, campeonato precursor de la actual Supercopa, organizada por la RFEF y que enfrentaba a los campeones de Liga y Copa de la temporada anterior. El equipo estaba al borde de los puestos de descenso, perd\u00eda 1-0 en Anoeta y la decisi\u00f3n del cambio [&hellip;]<\/p>\n","protected":false},"author":1,"featured_media":0,"comment_status":"closed","ping_status":"closed","sticky":false,"template":"","format":"standard","meta":{"_seopress_robots_primary_cat":"none","_seopress_titles_title":"","_seopress_titles_desc":"","_seopress_robots_index":"","footnotes":""},"categories":[1],"tags":[518,517,516],"class_list":["post-526","post","type-post","status-publish","format-standard","hentry","category-uncategorized","tag-camisetas-de-futbol-baratas-chile","tag-camisetas-de-futbol-negras-y-rojas","tag-equipacion-rumania-futbol"],"_links":{"self":[{"href":"https:\/\/amcpp.com\/index.php\/wp-json\/wp\/v2\/posts\/526","targetHints":{"allow":["GET"]}}],"collection":[{"href":"https:\/\/amcpp.com\/index.php\/wp-json\/wp\/v2\/posts"}],"about":[{"href":"https:\/\/amcpp.com\/index.php\/wp-json\/wp\/v2\/types\/post"}],"author":[{"embeddable":true,"href":"https:\/\/amcpp.com\/index.php\/wp-json\/wp\/v2\/users\/1"}],"replies":[{"embeddable":true,"href":"https:\/\/amcpp.com\/index.php\/wp-json\/wp\/v2\/comments?post=526"}],"version-history":[{"count":1,"href":"https:\/\/amcpp.com\/index.php\/wp-json\/wp\/v2\/posts\/526\/revisions"}],"predecessor-version":[{"id":527,"href":"https:\/\/amcpp.com\/index.php\/wp-json\/wp\/v2\/posts\/526\/revisions\/527"}],"wp:attachment":[{"href":"https:\/\/amcpp.com\/index.php\/wp-json\/wp\/v2\/media?parent=526"}],"wp:term":[{"taxonomy":"category","embeddable":true,"href":"https:\/\/amcpp.com\/index.php\/wp-json\/wp\/v2\/categories?post=526"},{"taxonomy":"post_tag","embeddable":true,"href":"https:\/\/amcpp.com\/index.php\/wp-json\/wp\/v2\/tags?post=526"}],"curies":[{"name":"wp","href":"https:\/\/api.w.org\/{rel}","templated":true}]}}