{"id":97,"date":"2021-06-08T09:59:49","date_gmt":"2021-06-08T08:59:49","guid":{"rendered":"http:\/\/amcpp.com\/?p=97"},"modified":"2021-06-08T09:59:49","modified_gmt":"2021-06-08T08:59:49","slug":"camiseta-atletico-de-madrid-20-21","status":"publish","type":"post","link":"https:\/\/amcpp.com\/index.php\/2021\/06\/08\/camiseta-atletico-de-madrid-20-21\/","title":{"rendered":"camiseta atletico de madrid 20 21"},"content":{"rendered":"<p><a href=\"https:\/\/camisetasdefutbolshop.com\/\"><img decoding=\"async\" style=\"clear:both; float:right; padding:10px 0px 10px 10px; border:0px; max-width: 380px;\" loading=\"lazy\" alt=\"2013-14 Real Madrid CF season - Wikipedia\" src=\"https:\/\/upload.wikimedia.org\/wikipedia\/commons\/thumb\/a\/a8\/Final_Champions_League_2014_Real_Madrid_-_Atl%C3%A9tico_de_Madrid_%2814081181609%29.jpg\/275px-Final_Champions_League_2014_Real_Madrid_-_Atl%C3%A9tico_de_Madrid_%2814081181609%29.jpg\"><\/a> Tras acabar su cesi\u00f3n en el Bayern, el Atl\u00e9tico y el N\u00e1poles han preguntado por \u00e9l en el Bernab\u00e9u mostrando de inicio m\u00e1s inter\u00e9s que dinero. Y, preguntado por hasta d\u00f3nde puede llegar el Atl\u00e9tico en esta temporada, respondi\u00f3: \u00abDonde el Atl\u00e9tico de Madrid necesita estar en el compromiso interno, la fortaleza de grupo, entender que no se puede regalar nada, que nadie te regala nada y que el destino lo marcamos nosotros d\u00eda a d\u00eda\u00bb. El Atl\u00e9tico de Madrid ha comenzado la Liga con cinco victorias y un empate, los mismos n\u00fameros que el curso del &#8216;doblete&#8217; de la temporada 1995-96. Est\u00e1 en segunda posici\u00f3n justo antes de recibir al M\u00e1laga, tercero, en el estadio Vicente Calder\u00f3n. La Comunidad de Madrid alberg\u00f3 durante la pasada temporada casi 300 partidos, a los que asistieron unos 4,6 millones de personas durante la pasada temporada deportiva. En 2\u00aa Divisi\u00f3n A: el Rayo Vallecano y el Alcorc\u00f3n; y en 2\u00aa Divisi\u00f3n B: el Real Madrid Castilla; el Fuenlabrada; la Uni\u00f3n Deportiva San Sebasti\u00e1n de los Reyes; la Uni\u00f3n Adarve; el Rayo Majadahonda; el Atl\u00e9tico de Madrid B y el Navalcarnero.<\/p>\n<p> Las tres fechas son: el d\u00eda 30 de diciembre, con el ensayo de las campanadas y la celebraci\u00f3n de tres encuentros de f\u00fatbol; el d\u00eda 31, con la carrera San Silvestre Vallecana y las campanadas de la Puerta del Sol; y, por \u00faltimo, el d\u00eda 5 de enero, con la cabalgata de Reyes, que recorre varios kil\u00f3metros de la capital. El Atl\u00e9tico de Madrid llega al partido desde la tercera posici\u00f3n de la tabla clasificatoria, con 17 puntos pese a haber disputado dos encuentros menos, debido a la participaci\u00f3n en Champions League durante el pasado mes de agosto. Justo en el primer tercio de un campeonato apretado, con los cuatro primeros de la clasificaci\u00f3n en solo un punto de margen, la distancia que separa el liderato azulgrana de la tercera plaza rojiblanca, llega un choque de la m\u00e1xima potencia que, a la vez, verifica al actual campe\u00f3n y a un aspirante a discutirle el reinado. Destaca, como Mart\u00ednez, el trabajo de entrenadores como Xavi Llorens, campe\u00f3n dom\u00e9stico con el Barcelona, aunque revela una esperanza: si Quereda dimite o es despedido, podr\u00eda ser sustituido por una mujer. Ma\u00f1ana ser\u00e1 turno para el Barcelona, que es tercero a siete puntos con un partido menos.<\/p>\n<p> Hace menos de un mes abrieron The Sun, una tienda de alimentaci\u00f3n que sustituy\u00f3 a un negocio de marcos que hab\u00eda en la calle de Suecia. Para que el dispositivo funcione adecuadamente, previamente se proceder\u00e1 a desocupar la Puerta del Sol. Adem\u00e1s, habr\u00e1 pantallas luminosas en las inmediaciones de la Puerta del Sol que informar\u00e1n cuando el aforo est\u00e9 completo. Habr\u00e1 tambi\u00e9n servicios de emergencias, bomberos, unidades de gu\u00edas caninos y de subsuelo. Tambi\u00e9n habr\u00e1 gu\u00edas caninos para el control de las mochilas. Se estima que habr\u00e1 2,6 personas por metro cuadrado. Asimismo y puesto que los controles en todos los dispositivos van a ser m\u00e1s exhaustivos de lo habitual, durante la reuni\u00f3n se ha acordado aconsejar a quienes acudan a estos actos multitudinarios, lo hagan con m\u00e1s tiempo de lo habitual con el fin de evitar aglomeraciones, adem\u00e1s de evitar llevar objetos que puedan ser peligrosos como petardos, cristales, etc. M\u00e1s de 1.800 efectivos se desplegar\u00e1n en el partido que disputar\u00e1n ma\u00f1ana el Real Madrid y el Par\u00eds Saint Germain en el Santiago Bernab\u00e9u, para el que se prev\u00e9 la llegada de unos 4.000 seguidores galos, 700 radicales, que en su mayor\u00eda no se consideran violentos. El d\u00eda 30 de diciembre se disputan en Madrid tres encuentros de f\u00fatbol importantes que convocan a un gran n\u00famero de seguidores.<\/p>\n<p><span style=\"display:block;text-align:center;clear:both\"><a href=\"https:\/\/camisetasdefutbolshop.com\/\"><img decoding=\"async\" style=\"max-width: 380px;\" alt=\"Final de Copa del a\u00f1o 1942: Barcelona vs. Atl\u00e9tico de Bilbao. Cr\u00f3nicas, comentarios y opiniones ...\" src=\"https:\/\/www.cihefe.es\/cuadernosdefutbol\/wp-content\/upLoads\/2020\/10\/Copa194213.jpg\" loading=\"lazy\"><\/a><\/span> El conjunto rojiblanco mostr\u00f3 inter\u00e9s en el atacante tailand\u00e9s gracias al convenio de colaboraci\u00f3n firmado en 2010 entre ambos clubes y al excelente curr\u00edculo del delantero, que fue nombrado la pasada temporada mejor jugador del campeonato local, gan\u00f3 el trofeo como m\u00e1ximo goleador (24 goles en 29 encuentros) y ha disputado 54 partidos con su selecci\u00f3n en los que ha marcado 28 goles. Pase lo que pase en el derbi madrile\u00f1o, el Atl\u00e9tico de Madrid saldr\u00e1 por delante del Real Madrid gracias a los ocho puntos que tiene de ventaja, algo inimaginable a principios de temporada. El delantero brasile\u00f1o Leo Baptistao afirm\u00f3 sus ganas \u00abde aprender y de ganar\u00bb en su presentaci\u00f3n como jugador del Atl\u00e9tico de Madrid, efectuada en el Circuito del Jarama, a las afueras de la capital. As\u00ed, y despu\u00e9s de que el Atl\u00e9tico aportara toda la documentaci\u00f3n pertinente para el tr\u00e1mite, el delantero brasile\u00f1o contar\u00e1 ya en el pr\u00f3ximo curso con el pasaporte espa\u00f1ol tras cumplir todos los requisitos. 36&#8242; Juanfran (Atl\u00e9tico de Madrid) ha recibido una falta en la banda derecha.<\/p>\n<p> 67&#8242; Falta de Renan Lodi (Atl\u00e9tico de Madrid). 85&#8242; Corner, Elche. Corner cometido por Renan Lodi. David Timor (Getafe) remate con la izquierda desde fuera del \u00e1rea. Sa\u00fal \u00d1\u00edguez (Atl\u00e9tico de Madrid) remate con la izquierda desde fuera del \u00e1rea. El Barcelona recibe al Atl\u00e9tico de Madrid, uno de esos equipos que sabe encontrarle las cosquillas a los catalanes. Se trata de los partidos que jugar\u00e1n los equipos del Rayo Vallecano y el Atl\u00e9tico de Madrid; Real Madrid-Real Sociedad y Getafe C.F-R.C-Deportivo, que contar\u00e1n con los dispositivos habituales en este tipo de encuentros, sin olvidar el nivel 4 activado en Espa\u00f1a del Plan de Prevenci\u00f3n y Protecci\u00f3n antiterrorista, reforzado por los recientes atentados ocurridos en Par\u00eds. 38&#8242; Fuera de juego, Atl\u00e9tico de Madrid. El t\u00e9cnico serbio, quien tom\u00f3 las riendas del conjunto tailand\u00e9s la pasada campa\u00f1a, destaca el nivel de \u00abjuego, calidad y competitividad\u00bb del campeonato local, a pesar del \u00abexotismo\u00bb de la liga. Caminero, que ejerc\u00eda como coordinador del primer equipo del Atl\u00e9tico durante la \u00faltima campa\u00f1a, despu\u00e9s del ascenso a director deportivo de Andrea Berta. Un gol como m\u00ednimo por jornada con el Celta como \u00faltima v\u00edctima para sumar una nueva l\u00ednea a su libro de r\u00e9cords, ya una enciclopedia.<\/p>\n<p>En el caso de que usted amado este art\u00edculo informativo junto con usted desea ser dado m\u00e1s informaci\u00f3n sobre <a Href=\"https:\/\/www.camisetasdefutbolshop.com\/atletico-de-madrid-es-05\" >tienda oficial atletico de madrid<\/a> <a Href=\"https:\/\/www.camisetasdefutbolshop.com\/atletico-de-madrid-es-05\" >tienda oficial atletico de madrid<\/a> le imploro que detenga por nuestra p\u00e1gina.<\/p>\n","protected":false},"excerpt":{"rendered":"<p>Tras acabar su cesi\u00f3n en el Bayern, el Atl\u00e9tico y el N\u00e1poles han preguntado por \u00e9l en el Bernab\u00e9u mostrando de inicio m\u00e1s inter\u00e9s que dinero. Y, preguntado por hasta d\u00f3nde puede llegar el Atl\u00e9tico en esta temporada, respondi\u00f3: \u00abDonde el Atl\u00e9tico de Madrid necesita estar en el compromiso interno, la fortaleza de grupo, entender [&hellip;]<\/p>\n","protected":false},"author":1,"featured_media":0,"comment_status":"open","ping_status":"open","sticky":false,"template":"","format":"standard","meta":{"_seopress_robots_primary_cat":"","_seopress_titles_title":"","_seopress_titles_desc":"","_seopress_robots_index":"","footnotes":""},"categories":[1],"tags":[2],"class_list":["post-97","post","type-post","status-publish","format-standard","hentry","category-uncategorized","tag-2"],"_links":{"self":[{"href":"https:\/\/amcpp.com\/index.php\/wp-json\/wp\/v2\/posts\/97","targetHints":{"allow":["GET"]}}],"collection":[{"href":"https:\/\/amcpp.com\/index.php\/wp-json\/wp\/v2\/posts"}],"about":[{"href":"https:\/\/amcpp.com\/index.php\/wp-json\/wp\/v2\/types\/post"}],"author":[{"embeddable":true,"href":"https:\/\/amcpp.com\/index.php\/wp-json\/wp\/v2\/users\/1"}],"replies":[{"embeddable":true,"href":"https:\/\/amcpp.com\/index.php\/wp-json\/wp\/v2\/comments?post=97"}],"version-history":[{"count":1,"href":"https:\/\/amcpp.com\/index.php\/wp-json\/wp\/v2\/posts\/97\/revisions"}],"predecessor-version":[{"id":98,"href":"https:\/\/amcpp.com\/index.php\/wp-json\/wp\/v2\/posts\/97\/revisions\/98"}],"wp:attachment":[{"href":"https:\/\/amcpp.com\/index.php\/wp-json\/wp\/v2\/media?parent=97"}],"wp:term":[{"taxonomy":"category","embeddable":true,"href":"https:\/\/amcpp.com\/index.php\/wp-json\/wp\/v2\/categories?post=97"},{"taxonomy":"post_tag","embeddable":true,"href":"https:\/\/amcpp.com\/index.php\/wp-json\/wp\/v2\/tags?post=97"}],"curies":[{"name":"wp","href":"https:\/\/api.w.org\/{rel}","templated":true}]}}